{"id":241553,"date":"2025-06-27T15:42:56","date_gmt":"2025-06-27T13:42:56","guid":{"rendered":"https:\/\/africa-on-wheels.com\/unkategorisiert\/toyota-hilux-double-cab-2-8l-mit-aha-camper\/"},"modified":"2026-04-20T12:57:08","modified_gmt":"2026-04-20T10:57:08","slug":"toyota-hilux-double-cab-2-8l-mit-aha-camper","status":"publish","type":"post","link":"https:\/\/africa-on-wheels.com\/de\/4x4-vehicles-camping\/toyota-hilux-double-cab-2-8l-mit-aha-camper\/","title":{"rendered":"Toyota Hilux Double Cab 2.8L mit AHA-Camper"},"content":{"rendered":"<p>[et_pb_section fb_built=&#8220;1&#8243; custom_padding_last_edited=&#8220;on|phone&#8220; admin_label=&#8220;Section AHA Camper&#8220; _builder_version=&#8220;4.16&#8243; _module_preset=&#8220;default&#8220; background_color=&#8220;#ffb901&#8243; custom_padding=&#8220;80px||80px||true|false&#8220; custom_padding_tablet=&#8220;&#8220; custom_padding_phone=&#8220;40px||40px||false|false&#8220; global_colors_info=&#8220;{}&#8220;][et_pb_row column_structure=&#8220;2_5,3_5&#8243; use_custom_gutter=&#8220;on&#8220; gutter_width=&#8220;2&#8243; make_equal=&#8220;on&#8220; custom_padding_last_edited=&#8220;on|phone&#8220; admin_label=&#8220;Row AHA Camper&#8220; _builder_version=&#8220;4.16&#8243; _module_preset=&#8220;default&#8220; background_color=&#8220;#ffffff&#8220; background_image=&#8220;https:\/\/africa-on-wheels.com\/wp-content\/uploads\/2020\/12\/discount-ribbon.jpg&#8220; background_size=&#8220;initial&#8220; background_position=&#8220;top_left&#8220; width_tablet=&#8220;&#8220; width_phone=&#8220;96%&#8220; width_last_edited=&#8220;on|phone&#8220; custom_padding=&#8220;30px|30px|30px|30px|true|true&#8220; custom_padding_tablet=&#8220;&#8220; custom_padding_phone=&#8220;15px|15px|15px|15px|true|true&#8220; box_shadow_style=&#8220;preset3&#8243; box_shadow_vertical=&#8220;5px&#8220; box_shadow_blur=&#8220;10px&#8220; global_colors_info=&#8220;{}&#8220;][et_pb_column type=&#8220;2_5&#8243; module_class=&#8220;vertical-align&#8220; _builder_version=&#8220;4.16&#8243; _module_preset=&#8220;default&#8220; global_colors_info=&#8220;{}&#8220;][et_pb_text admin_label=&#8220;Text AHA Camper&#8220; _builder_version=&#8220;4.16&#8243; _module_preset=&#8220;default&#8220; header_font=&#8220;Roboto Condensed|700||on|||||&#8220; header_text_align=&#8220;center&#8220; header_line_height=&#8220;1.4em&#8220; custom_margin=&#8220;||0px||false|false&#8220; custom_padding=&#8220;||0px||false|false&#8220; custom_padding_tablet=&#8220;&#8220; custom_padding_phone=&#8220;15px||||false|false&#8220; custom_padding_last_edited=&#8220;on|desktop&#8220; header_font_size_tablet=&#8220;&#8220; header_font_size_phone=&#8220;30px&#8220; header_font_size_last_edited=&#8220;on|desktop&#8220; global_colors_info=&#8220;{}&#8220;]<\/p>\n<h1>Toyota Hilux Double Cab 2.8L mit AHA-Camper<\/h1>\n<p>[\/et_pb_text][et_pb_divider divider_weight=&#8220;3px&#8220; _builder_version=&#8220;4.16&#8243; _module_preset=&#8220;default&#8220; width=&#8220;150px&#8220; module_alignment=&#8220;center&#8220; custom_margin=&#8220;0px||10px||false|false&#8220; custom_margin_tablet=&#8220;&#8220; custom_margin_phone=&#8220;||0px||false|false&#8220; custom_margin_last_edited=&#8220;on|phone&#8220; custom_padding=&#8220;10px||10px||false|false&#8220; custom_padding_phone=&#8220;10px||0px||false|false&#8220; custom_padding_last_edited=&#8220;off|desktop&#8220; animation_style=&#8220;flip&#8220; global_colors_info=&#8220;{}&#8220;][\/et_pb_divider][et_pb_blurb title=&#8220;Fahrzeugtyp: 4&#215;4 Camper&#8220; use_icon=&#8220;on&#8220; font_icon=&#8220;&#xe06e;||divi||400&#8243; icon_color=&#8220;#4e4e4e&#8220; icon_placement=&#8220;left&#8220; image_icon_width=&#8220;16px&#8220; content_max_width=&#8220;1100px&#8220; admin_label=&#8220;Blurb Vehicle Type&#8220; _builder_version=&#8220;4.16&#8243; header_font=&#8220;Open Sans|600|||||||&#8220; header_text_color=&#8220;#4e4e4e&#8220; header_font_size=&#8220;14px&#8220; header_line_height=&#8220;1.2em&#8220; custom_margin=&#8220;||5px||false|false&#8220; custom_padding=&#8220;|20px||20px|false|false&#8220; icon_font_size=&#8220;16px&#8220; global_colors_info=&#8220;{}&#8220;][\/et_pb_blurb][et_pb_blurb title=&#8220;Personen: 2&#8243; use_icon=&#8220;on&#8220; font_icon=&#8220;&#xe08b;||divi||400&#8243; icon_color=&#8220;#4e4e4e&#8220; icon_placement=&#8220;left&#8220; image_icon_width=&#8220;16px&#8220; content_max_width=&#8220;1100px&#8220; admin_label=&#8220;Blurb Persons&#8220; _builder_version=&#8220;4.16&#8243; header_font=&#8220;Open Sans|600|||||||&#8220; header_text_color=&#8220;#4e4e4e&#8220; header_font_size=&#8220;14px&#8220; header_line_height=&#8220;1.2em&#8220; custom_margin=&#8220;||5px||false|false&#8220; custom_padding=&#8220;|20px||20px|false|false&#8220; icon_font_size=&#8220;16px&#8220; global_colors_info=&#8220;{}&#8220;][\/et_pb_blurb][et_pb_blurb title=&#8220;Getriebe: Automatik&#8220; use_icon=&#8220;on&#8220; font_icon=&#8220;&#xe038;||divi||400&#8243; icon_color=&#8220;#4e4e4e&#8220; icon_placement=&#8220;left&#8220; image_icon_width=&#8220;16px&#8220; content_max_width=&#8220;1100px&#8220; admin_label=&#8220;Blurb Transmission&#8220; _builder_version=&#8220;4.16&#8243; header_font=&#8220;Open Sans|600|||||||&#8220; header_text_color=&#8220;#4e4e4e&#8220; header_font_size=&#8220;14px&#8220; header_line_height=&#8220;1.2em&#8220; custom_margin=&#8220;||5px||false|false&#8220; custom_padding=&#8220;|20px||20px|false|false&#8220; icon_font_size=&#8220;16px&#8220; global_colors_info=&#8220;{}&#8220;][\/et_pb_blurb][et_pb_blurb title=&#8220;Treibstoff: Diesel&#8220; use_icon=&#8220;on&#8220; font_icon=&#8220;&#xe080;||divi||400&#8243; icon_color=&#8220;#4e4e4e&#8220; icon_placement=&#8220;left&#8220; image_icon_width=&#8220;16px&#8220; content_max_width=&#8220;1100px&#8220; admin_label=&#8220;Blurb Fuel&#8220; _builder_version=&#8220;4.16&#8243; header_font=&#8220;Open Sans|600|||||||&#8220; header_text_color=&#8220;#4e4e4e&#8220; header_font_size=&#8220;14px&#8220; header_line_height=&#8220;1.2em&#8220; custom_margin=&#8220;||5px||false|false&#8220; custom_padding=&#8220;|20px||20px|false|false&#8220; icon_font_size=&#8220;16px&#8220; global_colors_info=&#8220;{}&#8220;][\/et_pb_blurb][et_pb_blurb title=&#8220;Camping: 2 Personen&#8220; use_icon=&#8220;on&#8220; font_icon=&#8220;&#x4c;||divi||400&#8243; icon_color=&#8220;#4e4e4e&#8220; icon_placement=&#8220;left&#8220; image_icon_width=&#8220;16px&#8220; content_max_width=&#8220;1100px&#8220; admin_label=&#8220;Blurb Camping Gear&#8220; _builder_version=&#8220;4.16&#8243; header_font=&#8220;Open Sans|600|||||||&#8220; header_text_color=&#8220;#4e4e4e&#8220; header_font_size=&#8220;14px&#8220; header_line_height=&#8220;1.2em&#8220; custom_margin=&#8220;||5px||false|false&#8220; custom_padding=&#8220;|20px||20px|false|false&#8220; icon_font_size=&#8220;16px&#8220; global_colors_info=&#8220;{}&#8220;][\/et_pb_blurb][et_pb_button button_url=&#8220;https:\/\/africa-on-wheels.com\/de\/fahrzeugreservierung\/&#8220; button_text=&#8220;Anfrage f\u00fcr eine Autoreservierung&#8220; button_alignment=&#8220;center&#8220; admin_label=&#8220;Button Reservation Enquiry&#8220; module_class=&#8220;discount-button&#8220; _builder_version=&#8220;4.16&#8243; _module_preset=&#8220;default&#8220; custom_button=&#8220;on&#8220; button_text_color=&#8220;#ffffff&#8220; button_bg_color=&#8220;#f35812&#8243; button_border_width=&#8220;0px&#8220; button_border_radius=&#8220;0px&#8220; button_font=&#8220;Roboto||||||||&#8220; button_icon=&#8220;&#x4e;||divi||400&#8243; button_icon_color=&#8220;#ffffff&#8220; button_icon_placement=&#8220;left&#8220; button_on_hover=&#8220;off&#8220; background_layout=&#8220;dark&#8220; custom_margin=&#8220;20px||0px||false|false&#8220; custom_padding=&#8220;10px||10px||false|false&#8220; global_colors_info=&#8220;{}&#8220; button_bg_color__hover_enabled=&#8220;on|desktop&#8220; button_bg_color__hover=&#8220;#ffb901&#8243; button_bg_enable_color__hover=&#8220;on&#8220;][\/et_pb_button][\/et_pb_column][et_pb_column type=&#8220;3_5&#8243; _builder_version=&#8220;4.16&#8243; _module_preset=&#8220;default&#8220; global_colors_info=&#8220;{}&#8220;][et_pb_gallery gallery_ids=&#8220;240812,240814,240816,240810&#8243; fullwidth=&#8220;on&#8220; admin_label=&#8220;AHA Camper Gallery&#8220; _builder_version=&#8220;4.9.0&#8243; _module_preset=&#8220;default&#8220; pagination_text_color=&#8220;#f35812&#8243;][\/et_pb_gallery][\/et_pb_column][\/et_pb_row][\/et_pb_section][et_pb_section fb_built=&#8220;1&#8243; custom_padding_last_edited=&#8220;on|phone&#8220; admin_label=&#8220;Section Description, Rates, Details&#8220; _builder_version=&#8220;4.16&#8243; _module_preset=&#8220;default&#8220; background_color=&#8220;#eeeeee&#8220; background_image=&#8220;https:\/\/africa-on-wheels.com\/wp-content\/uploads\/2020\/12\/Arrow-Yellow.gif&#8220; background_size=&#8220;initial&#8220; background_position=&#8220;top_center&#8220; custom_padding=&#8220;70px||60px||false|false&#8220; custom_padding_tablet=&#8220;&#8220; custom_padding_phone=&#8220;40px||30px||false|false&#8220; global_colors_info=&#8220;{}&#8220;][et_pb_row custom_padding_last_edited=&#8220;on|desktop&#8220; admin_label=&#8220;Zeile Beschreibung&#8220; module_class=&#8220;partnership&#8220; _builder_version=&#8220;4.16&#8243; _module_preset=&#8220;default&#8220; width_tablet=&#8220;&#8220; width_phone=&#8220;96%&#8220; width_last_edited=&#8220;on|phone&#8220; custom_margin=&#8220;0px||0px||false|false&#8220; custom_padding=&#8220;0px||80px||false|false&#8220; custom_padding_tablet=&#8220;&#8220; custom_padding_phone=&#8220;||40px||false|false&#8220; global_colors_info=&#8220;{}&#8220;][et_pb_column type=&#8220;4_4&#8243; _builder_version=&#8220;4.16&#8243; _module_preset=&#8220;default&#8220; global_colors_info=&#8220;{}&#8220;][et_pb_text admin_label=&#8220;Text Headline Description &#8220; _builder_version=&#8220;4.16&#8243; _module_preset=&#8220;default&#8220; header_3_font=&#8220;Roboto Condensed|700|||||||&#8220; header_3_text_align=&#8220;center&#8220; header_3_font_size=&#8220;28px&#8220; header_3_line_height=&#8220;1.4em&#8220; text_orientation=&#8220;center&#8220; custom_margin=&#8220;0px||0px||false|false&#8220; custom_padding=&#8220;|10%|15px|10%|false|true&#8220; custom_padding_tablet=&#8220;&#8220; custom_padding_phone=&#8220;|5%||5%|false|true&#8220; custom_padding_last_edited=&#8220;on|phone&#8220; global_colors_info=&#8220;{}&#8220;]<\/p>\n<h3>AHA-Camper \u2013 gebaut f\u00fcr Entdecker, entwickelt f\u00fcr Komfort<\/h3>\n<p>[\/et_pb_text][et_pb_text admin_label=&#8220;Text Description&#8220; _builder_version=&#8220;4.16&#8243; _module_preset=&#8220;default&#8220; header_3_font=&#8220;Roboto Condensed|700|||||||&#8220; header_3_text_align=&#8220;center&#8220; header_3_font_size=&#8220;24px&#8220; header_3_line_height=&#8220;1.7em&#8220; text_orientation=&#8220;center&#8220; custom_padding=&#8220;|10%||10%|false|true&#8220; custom_padding_tablet=&#8220;&#8220; custom_padding_phone=&#8220;|5%||5%|false|true&#8220; custom_padding_last_edited=&#8220;on|phone&#8220; global_colors_info=&#8220;{}&#8220;]<\/p>\n<p>Der <strong>Toyota Hilux Double Cab 2.8L mit AHA-Camper<\/strong> ist die ideale Wahl f\u00fcr zwei Personen, die auf ihrer Selbstfahrertour durch das s\u00fcdliche Afrika nicht auf Komfort verzichten m\u00f6chten. Mit Allradantrieb, hoher Bodenfreiheit und robusten Reifen ist er f\u00fcr alle Stra\u00dfenverh\u00e4ltnisse bestens geeignet \u2013 von Asphalt bis hin zu anspruchsvollem Offroad-Terrain. <\/p>\n<p><\/p>\n<p>Der leicht auf- und zuklappbare AHA-Camper bietet ein gem\u00fctliches Doppelbett (1,4 \u00d7 2,1\u202fm), einen 110-Liter-Wassertank mit integriertem Leitungssystem und gro\u00dfz\u00fcgigen Stauraum. Die seitlich ausgebaute K\u00fcche verf\u00fcgt \u00fcber einen ausklappbaren Tisch, einen Doppel-Gaskocher und einen Besteckorganizer. Ein Gas-Durchlauferhitzer, zwei Gasflaschen und zus\u00e4tzlicher Stauraum f\u00fcr Lebensmittel sorgen f\u00fcr Unabh\u00e4ngigkeit unterwegs.  <\/p>\n<p><\/p>\n<p>Abgerundet wird der Komfort durch eine Innendusche, ein Innenwaschbecken mit Wasserhahn sowie ein K\u00fchlschrank-Slider-System. Die Stromversorgung \u00fcbernimmt eine 105Ah-Batterie mit 160-Watt-Solarpanel, 600-Watt-Inverter und 220-Volt-Ladeger\u00e4t \u2013 ideal f\u00fcr komfortables Off-Grid-Camping <\/p>\n<p>[\/et_pb_text][et_pb_button button_url=&#8220;https:\/\/africa-on-wheels.com\/de\/fahrzeugreservierung\/&#8220; button_text=&#8220;Anfrage f\u00fcr eine Autoreservierung&#8220; button_alignment=&#8220;center&#8220; admin_label=&#8220;Button Reservation Enquiry&#8220; _builder_version=&#8220;4.16&#8243; _module_preset=&#8220;default&#8220; custom_button=&#8220;on&#8220; button_text_color=&#8220;#ffffff&#8220; button_bg_color=&#8220;#f35812&#8243; button_border_width=&#8220;0px&#8220; button_border_radius=&#8220;3px&#8220; button_font=&#8220;Roboto||||||||&#8220; button_icon=&#8220;&#x4e;||divi||400&#8243; button_icon_color=&#8220;#ffffff&#8220; button_icon_placement=&#8220;left&#8220; button_on_hover=&#8220;off&#8220; background_layout=&#8220;dark&#8220; custom_margin=&#8220;20px||0px||false|false&#8220; custom_padding=&#8220;10px||10px||true|true&#8220; global_colors_info=&#8220;{}&#8220; button_bg_color__hover_enabled=&#8220;on|desktop&#8220; button_bg_color__hover=&#8220;#ffb901&#8243; button_bg_enable_color__hover=&#8220;on&#8220;][\/et_pb_button][\/et_pb_column][\/et_pb_row][et_pb_row admin_label=&#8220;Zeile Details&#8220; _builder_version=&#8220;4.16&#8243; _module_preset=&#8220;default&#8220; width_tablet=&#8220;&#8220; width_phone=&#8220;96%&#8220; width_last_edited=&#8220;on|phone&#8220; custom_margin=&#8220;0px||||false|false&#8220; custom_padding=&#8220;0px||||false|false&#8220; global_colors_info=&#8220;{}&#8220;][et_pb_column type=&#8220;4_4&#8243; _builder_version=&#8220;4.16&#8243; _module_preset=&#8220;default&#8220; global_colors_info=&#8220;{}&#8220;][et_pb_tabs active_tab_background_color=&#8220;#fff&#8220; inactive_tab_background_color=&#8220;#c7c7c7&#8243; active_tab_text_color=&#8220;#3e3e3e&#8220; admin_label=&#8220;Tabs Rack Rates&#8220; _builder_version=&#8220;4.27.4&#8243; _module_preset=&#8220;default&#8220; tab_text_color=&#8220;#ffff&#8220; tab_font=&#8220;Roboto Condensed|700|||||||&#8220; tab_font_size=&#8220;24px&#8220; tab_line_height=&#8220;2.3em&#8220; background_color=&#8220;#ffffff&#8220; custom_margin=&#8220;||30px||false|false&#8220; custom_padding=&#8220;30px|30px|30px|30px|true|true&#8220; custom_padding_tablet=&#8220;&#8220; custom_padding_phone=&#8220;|15px||15px|true|true&#8220; custom_padding_last_edited=&#8220;on|phone&#8220; hover_enabled=&#8220;0&#8243; custom_css_main_element=&#8220;border-top: 0px solid #d9d9d9;||top: 0px;||||&#8220; border_width_all=&#8220;0px&#8220; global_colors_info=&#8220;{}&#8220; tab_text_color__hover_enabled=&#8220;on|hover&#8220; tab_text_color__hover=&#8220;#eeeeee&#8220; inactive_tab_background_color__hover_enabled=&#8220;off|hover&#8220; inactive_tab_background_color__hover=&#8220;#c0c0c0&#8243; sticky_enabled=&#8220;0&#8243;][et_pb_tab title=&#8220;Preise 2026&#8243; _builder_version=&#8220;4.27.4&#8243; _module_preset=&#8220;default&#8220; hover_enabled=&#8220;0&#8243; global_colors_info=&#8220;{}&#8220; sticky_enabled=&#8220;0&#8243;]<\/p>\n<div id=\"tablepress-20-scroll-wrapper\" class=\"tablepress-scroll-wrapper\">\n\n<table id=\"tablepress-20\" class=\"tablepress tablepress-id-20 tablepress-responsive\">\n<thead>\n<tr class=\"row-1\">\n\t<th class=\"column-1\">Rack Rates 2026<\/th><th class=\"column-2\">LOW SEASON 01\/12\/2025 - 20\/03\/2026<\/th><th class=\"column-3\">HIGH SEASON 21\/03\/2026 - 30\/11\/2026<\/th>\n<\/tr>\n<\/thead>\n<tbody class=\"row-striping\">\n<tr class=\"row-2\">\n\t<td class=\"column-1\"><strong>DAILY RENTAL FEE<\/strong> <br \/>\n06 - 14 days of rental<\/td><td class=\"column-2\">N$ 3,750.00 <em>(+ Camping equipment: 2 Pax)<\/em><\/td><td class=\"column-3\">N$ 4,200.00 <em>(+ Camping equipment: 2 Pax)<\/em><\/td>\n<\/tr>\n<tr class=\"row-3\">\n\t<td class=\"column-1\"><strong>DAILY RENTAL FEE<\/strong> <br \/>\n15 - 21 days of rental<\/td><td class=\"column-2\">N$ 3,700.00 <em>(+ Camping equipment: 2 Pax)<\/em><\/td><td class=\"column-3\">N$ 4,150.00 <em>(+ Camping equipment: 2 Pax)<\/em><\/td>\n<\/tr>\n<tr class=\"row-4\">\n\t<td class=\"column-1\"><strong>DAILY RENTAL FEE<\/strong> <br \/>\n22 + days of rental<\/td><td class=\"column-2\">N$ 3,650.00 <em>(+ Camping equipment: 2 Pax)<\/em><\/td><td class=\"column-3\">N$ 4,100.00 <em>(+ Camping equipment: 2 Pax)<\/em><\/td>\n<\/tr>\n<tr class=\"row-5\">\n\t<td class=\"column-1\"><strong>EXCESS<\/strong><\/td><td class=\"column-2\">N$ 55,000.00<\/td><td class=\"column-3\">N$ 55,000.00<\/td>\n<\/tr>\n<tr class=\"row-6\">\n\t<td class=\"column-1\"><strong>EXCESS OPTIONS<\/strong><\/td><td class=\"column-2\">SEC1: N$ 400.00 \/ N$ 25,000.00<br \/>\nSEC2: N$ 450.00 \/ N$ 2,000.00<\/td><td class=\"column-3\">SEC1: N$ 400.00 \/ N$ 25,000.00<br \/>\nSEC2: N$ 450.00 \/ N$ 2,000.00<\/td>\n<\/tr>\n<\/tbody>\n<\/table>\n\n<\/div><!-- #tablepress-20 from cache -->\n<p>[\/et_pb_tab][\/et_pb_tabs][et_pb_toggle title=&#8220;Spezifikationen&#8220; open_toggle_text_color=&#8220;#3e3e3e&#8220; open_toggle_background_color=&#8220;#ffffff&#8220; closed_toggle_text_color=&#8220;#ffffff&#8220; closed_toggle_background_color=&#8220;#c7c7c7&#8243; icon_color=&#8220;#5e5e5e&#8220; use_icon_font_size=&#8220;on&#8220; icon_font_size=&#8220;30px&#8220; open_icon_color=&#8220;#5e5e5e&#8220; open_use_icon_font_size=&#8220;on&#8220; open_icon_font_size=&#8220;30px&#8220; admin_label=&#8220;Toggle Specifications&#8220; module_class=&#8220;specifications&#8220; _builder_version=&#8220;4.16&#8243; _module_preset=&#8220;default&#8220; title_font=&#8220;Roboto Condensed||||||||&#8220; title_font_size=&#8220;24px&#8220; closed_title_font=&#8220;Roboto Condensed||||||||&#8220; closed_title_font_size=&#8220;24px&#8220; closed_title_line_height=&#8220;1em&#8220; body_font_size=&#8220;14px&#8220; custom_padding=&#8220;|30px||30px|false|true&#8220; custom_padding_tablet=&#8220;&#8220; custom_padding_phone=&#8220;|15px||15px|false|true&#8220; custom_padding_last_edited=&#8220;on|desktop&#8220; border_width_all=&#8220;0px&#8220; global_colors_info=&#8220;{}&#8220; closed_toggle_text_color__hover_enabled=&#8220;on|hover&#8220; closed_toggle_text_color__hover=&#8220;#eeeeee&#8220; closed_toggle_background_color__hover_enabled=&#8220;on|hover&#8220; closed_toggle_background_color__hover=&#8220;#919191&#8243;]<\/p>\n<ul>\n<li>Automatik Getriebe<\/li>\n<li>Allradantrieb<\/li>\n<li>Differentialsperre<\/li>\n<li>ABS<\/li>\n<li>Airbags<\/li>\n<li>4-t\u00fcrig<\/li>\n<li>140 L Diesel Tank<\/li>\n<li>Servolenkung<\/li>\n<li>Klimaanlage<\/li>\n<li>Radio, USB Steckplatz<\/li>\n<li>Tempomat<\/li>\n<li>Starterkabel, Abschleppseil, Warndreieck, Warnweste<\/li>\n<li>Feuerl\u00f6scher<\/li>\n<li>2 Ersatzr\u00e4der<\/li>\n<li>Wagenheber und Radmutternschl\u00fcssel<\/li>\n<li>12V Kompressor<\/li>\n<li>Spaten, Kehrschaufel mit Besen<\/li>\n<\/ul>\n<p>[\/et_pb_toggle][et_pb_toggle title=&#8220; Standard Camping Ausr\u00fcstung&#8220; open_toggle_text_color=&#8220;#3e3e3e&#8220; open_toggle_background_color=&#8220;#ffffff&#8220; closed_toggle_text_color=&#8220;#ffffff&#8220; closed_toggle_background_color=&#8220;#c7c7c7&#8243; icon_color=&#8220;#5e5e5e&#8220; use_icon_font_size=&#8220;on&#8220; icon_font_size=&#8220;30px&#8220; open_icon_color=&#8220;#5e5e5e&#8220; open_use_icon_font_size=&#8220;on&#8220; open_icon_font_size=&#8220;30px&#8220; admin_label=&#8220;Toggle Standard Campingausr\u00fcstung&#8220; module_class=&#8220;specifications&#8220; _builder_version=&#8220;4.16&#8243; _module_preset=&#8220;default&#8220; title_font=&#8220;Roboto Condensed||||||||&#8220; title_font_size=&#8220;24px&#8220; closed_title_font=&#8220;Roboto Condensed||||||||&#8220; closed_title_font_size=&#8220;24px&#8220; closed_title_line_height=&#8220;1em&#8220; body_font_size=&#8220;14px&#8220; custom_padding=&#8220;|30px||30px|false|true&#8220; custom_padding_tablet=&#8220;&#8220; custom_padding_phone=&#8220;|15px||15px|false|true&#8220; custom_padding_last_edited=&#8220;on|desktop&#8220; border_width_all=&#8220;0px&#8220; saved_tabs=&#8220;all&#8220; global_colors_info=&#8220;{}&#8220; closed_toggle_text_color__hover_enabled=&#8220;on|hover&#8220; closed_toggle_text_color__hover=&#8220;#eeeeee&#8220; closed_toggle_background_color__hover_enabled=&#8220;on|hover&#8220; closed_toggle_background_color__hover=&#8220;#919191&#8243;]<\/p>\n<p><strong>Beispielhaft f\u00fcr zwei Personen:<\/strong><br \/>(Selbstverst\u00e4ndlich wird die Campingausr\u00fcstung je nach Anzahl der Reisenden zusammengestellt)<\/p>\n<p><\/p>\n<table>\n<tbody>\n<tr>\n<td>\n<ul>\n<li>1 x Integriertes Klappzelt<\/li>\n<li>1 x Matratze<\/li>\n<li>2 x Kissen &amp; Kissenbez\u00fcge<\/li>\n<li>1 x Bettlaken<\/li>\n<li>2 x Bettdecken mit Bezug &amp; Fleecedecken<\/li>\n<li>1 x Matratze<\/li>\n<li>2 x Suppenteller<\/li>\n<li>2 x kleine &amp; gro\u00dfe Teller<\/li>\n<li>2 x T\u00f6pfe<\/li>\n<li>1 x Pfanne<\/li>\n<li>1 x Wasserkocher<\/li>\n<\/ul>\n<\/td>\n<td>\n<ul>\n<li>Sp\u00fclsch\u00fcssel<\/li>\n<li>1 x Geschirrtuch &amp; Tischdecke<\/li>\n<li>1 x Schneidebrett<\/li>\n<li>3 x Tupperware<\/li>\n<li>2 x Tassen &amp; 2 x Gl\u00e4ser &amp; 2 x Weingl\u00e4ser<\/li>\n<li>2 x Messer, Gabeln, L\u00f6ffel und Teel\u00f6ffel<\/li>\n<li>1 x Grillbesteck<\/li>\n<li>1 x Suppenkelle<\/li>\n<li>1 x Holzl\u00f6ffel<\/li>\n<li>1 x gro\u00dfes &amp; kleines Messer &amp; 1 x Brotmesser<\/li>\n<li>1 x Kartoffelsch\u00e4ler<\/li>\n<\/ul>\n<\/td>\n<td>\n<ul>\n<li>1 x Dosen\u00f6ffner<\/li>\n<li>1 x Flaschen\u00f6ffner<\/li>\n<li>1 x 110-Liter eingebauter Wassertank<\/li>\n<li>1 x Campinglaterne &amp; eingebaute LED-Leuchten<\/li>\n<li>1 x Grillrost<\/li>\n<li>2 x Klappst\u00fchle<\/li>\n<li>1 x klappbarer Au\u00dfentisch<\/li>\n<li>2 x Gasflaschen mit Doppelbrenner-Herd<\/li>\n<\/ul>\n<\/td>\n<\/tr>\n<\/tbody>\n<\/table>\n<p>[\/et_pb_toggle][et_pb_toggle title=&#8220;PDF Download&#8220; open_toggle_text_color=&#8220;#3e3e3e&#8220; open_toggle_background_color=&#8220;#ffffff&#8220; closed_toggle_text_color=&#8220;#ffffff&#8220; closed_toggle_background_color=&#8220;#c7c7c7&#8243; icon_color=&#8220;#5e5e5e&#8220; use_icon_font_size=&#8220;on&#8220; icon_font_size=&#8220;30px&#8220; open_icon_color=&#8220;#5e5e5e&#8220; open_use_icon_font_size=&#8220;on&#8220; open_icon_font_size=&#8220;30px&#8220; admin_label=&#8220;Toggle PDF Download&#8220; module_class=&#8220;specifications&#8220; _builder_version=&#8220;4.16&#8243; _module_preset=&#8220;default&#8220; title_font=&#8220;Roboto Condensed||||||||&#8220; title_font_size=&#8220;24px&#8220; closed_title_font=&#8220;Roboto Condensed||||||||&#8220; closed_title_font_size=&#8220;24px&#8220; closed_title_line_height=&#8220;1em&#8220; body_font_size=&#8220;14px&#8220; custom_padding=&#8220;|30px||30px|false|true&#8220; custom_padding_tablet=&#8220;&#8220; custom_padding_phone=&#8220;|15px||15px|false|true&#8220; custom_padding_last_edited=&#8220;on|desktop&#8220; border_width_all=&#8220;0px&#8220; global_colors_info=&#8220;{}&#8220; closed_toggle_text_color__hover=&#8220;#eeeeee&#8220; closed_toggle_text_color__hover_enabled=&#8220;on|hover&#8220; closed_toggle_background_color__hover=&#8220;#919191&#8243; closed_toggle_background_color__hover_enabled=&#8220;on|hover&#8220;]<\/p>\n<table style=\"width: 432px;\">\n<tbody>\n<tr style=\"height: 42px;\">\n<td style=\"width: 58.0781px; height: 42px;\">\n<p>&nbsp;<\/p>\n<p><a href=\"https:\/\/africa-on-wheels.com\/wp-content\/downloads\/deutsch\/Gruppe-3a-2.8-Hilux-Camper.pdf\" target=\"_blank\" rel=\"noopener noreferrer\"><img loading=\"lazy\" decoding=\"async\" class=\"alignnone wp-image-237815 size-full\" style=\"display: block; margin-left: auto; margin-right: auto;\" src=\"https:\/\/africa-on-wheels.com\/wp-content\/uploads\/2020\/08\/download-pdf.png\" alt=\"PDF Download\" width=\"60\" height=\"67\"><\/a><\/p>\n<\/td>\n<td style=\"height: 42px;\">Fahrzeuginformationen<br \/><a href=\"https:\/\/africa-on-wheels.com\/wp-content\/downloads\/deutsch\/Gruppe-3a-2.8-Hilux-Camper.pdf\">Toyota Hilux Double Cab 2.8L mit AHA-Camper<\/a><\/td>\n<\/tr>\n<\/tbody>\n<\/table>\n<p>[\/et_pb_toggle][et_pb_toggle title=&#8220;Versicherung &amp; Selbstbehalt&#8220; open_toggle_text_color=&#8220;#3e3e3e&#8220; open_toggle_background_color=&#8220;#ffffff&#8220; closed_toggle_text_color=&#8220;#ffffff&#8220; closed_toggle_background_color=&#8220;#c7c7c7&#8243; icon_color=&#8220;#5e5e5e&#8220; use_icon_font_size=&#8220;on&#8220; icon_font_size=&#8220;30px&#8220; open_icon_color=&#8220;#5e5e5e&#8220; open_use_icon_font_size=&#8220;on&#8220; open_icon_font_size=&#8220;30px&#8220; admin_label=&#8220;Toggle Versicherung &#038; Selbstbeteiligung &#8220; module_class=&#8220;specifications&#8220; _builder_version=&#8220;4.13.0&#8243; _module_preset=&#8220;default&#8220; title_font=&#8220;Roboto Condensed||||||||&#8220; title_font_size=&#8220;24px&#8220; closed_title_font=&#8220;Roboto Condensed||||||||&#8220; closed_title_font_size=&#8220;24px&#8220; closed_title_line_height=&#8220;1em&#8220; body_font_size=&#8220;14px&#8220; custom_padding=&#8220;|30px||30px|false|true&#8220; custom_padding_tablet=&#8220;&#8220; custom_padding_phone=&#8220;|15px||15px|false|true&#8220; custom_padding_last_edited=&#8220;on|desktop&#8220; border_width_all=&#8220;0px&#8220; global_module=&#8220;236301&#8243; saved_tabs=&#8220;all&#8220; global_colors_info=&#8220;{}&#8220; closed_toggle_text_color__hover_enabled=&#8220;on|hover&#8220; closed_toggle_text_color__hover=&#8220;#eeeeee&#8220; closed_toggle_background_color__hover_enabled=&#8220;on|desktop&#8220; closed_toggle_background_color__hover=&#8220;#919191&#8243;]<\/p>\n<p>The accident and liability insurance covers damage as well as the loss of the vehicle and damage to property of third parties, however goods and persons in the vehicles are not insured. A deductible is due in the event of damage. Costs for towing service, sandstorm and water damage as well as damage to the vehicle underbody are not covered.<\/p>\n<h4>Super excess cover (SEC 1 &amp; 2) with protection against glass and tire damage:<\/h4>\n<p>Deductibles and liability can be reduced for an additional daily fee. In addition, windscreen, tire and third-party damage are covered. The vehicle renter \/ driver only has to participate in damage caused by himself \/ herself. This insurance option can only be used for six or more rental days.<\/p>\n<p>This insurance can only be used if the rental period is at least 6 or more days.<\/p>\n<p><strong> In the case of damage that can be traced back to negligence, there is no insurance coverage and the respective vehicle renter \/ driver must pay the full amount of the damage. <\/strong><\/p>\n<p>[\/et_pb_toggle][et_pb_toggle title=&#8220;Bedingungen &amp; Konditionen&#8220; open_toggle_text_color=&#8220;#3e3e3e&#8220; open_toggle_background_color=&#8220;#ffffff&#8220; closed_toggle_text_color=&#8220;#ffffff&#8220; closed_toggle_background_color=&#8220;#c7c7c7&#8243; icon_color=&#8220;#5e5e5e&#8220; use_icon_font_size=&#8220;on&#8220; icon_font_size=&#8220;30px&#8220; open_icon_color=&#8220;#5e5e5e&#8220; open_use_icon_font_size=&#8220;on&#8220; open_icon_font_size=&#8220;30px&#8220; admin_label=&#8220;Toggle Terms &#038; Conditions&#8220; module_class=&#8220;specifications&#8220; _builder_version=&#8220;4.13.0&#8243; _module_preset=&#8220;default&#8220; title_font=&#8220;Roboto Condensed||||||||&#8220; title_text_align=&#8220;left&#8220; title_font_size=&#8220;24px&#8220; closed_title_font=&#8220;Roboto Condensed||||||||&#8220; closed_title_font_size=&#8220;24px&#8220; closed_title_line_height=&#8220;1em&#8220; body_font=&#8220;Roboto||||||||&#8220; body_text_color=&#8220;#f35812&#8243; body_font_size=&#8220;18px&#8220; body_line_height=&#8220;1.4em&#8220; custom_padding=&#8220;|30px||30px|false|true&#8220; custom_padding_tablet=&#8220;&#8220; custom_padding_phone=&#8220;|15px||15px|false|true&#8220; custom_padding_last_edited=&#8220;on|phone&#8220; border_width_all=&#8220;0px&#8220; global_module=&#8220;236299&#8243; saved_tabs=&#8220;all&#8220; global_colors_info=&#8220;{}&#8220; closed_toggle_text_color__hover_enabled=&#8220;on|hover&#8220; closed_toggle_text_color__hover=&#8220;#eeeeee&#8220; closed_toggle_background_color__hover_enabled=&#8220;on|desktop&#8220; closed_toggle_background_color__hover=&#8220;#919191&#8243;]<\/p>\n<p style=\"text-align: center;\"><a href=\"http:\/\/africa-on-wheels.com\/wp-content\/uploads\/2024\/08\/Africa-on-Wheels-Terms-Conditions.pdf\" target=\"_blank\" rel=\"noopener noreferrer\"><img loading=\"lazy\" decoding=\"async\" class=\"wp-image-238538 size-full aligncenter\" src=\"http:\/\/africa-on-wheels.com\/wp-content\/uploads\/2020\/12\/Download-PNG.png\" alt=\"\" width=\"49\" height=\"46\" \/><\/a><\/p>\n<h6 style=\"text-align: center;\"><a href=\"http:\/\/africa-on-wheels.com\/wp-content\/uploads\/2024\/08\/Africa-on-Wheels-Terms-Conditions.pdf\" target=\"_blank\" rel=\"noopener noreferrer\">Please view\/download Africa on Wheels Terms &amp; Conditions here<\/a><\/h6>\n<p>[\/et_pb_toggle][\/et_pb_column][\/et_pb_row][\/et_pb_section][et_pb_section fb_built=&#8220;1&#8243; custom_padding_last_edited=&#8220;on|desktop&#8220; admin_label=&#8220;Section Related Vehicles&#8220; _builder_version=&#8220;4.16&#8243; _module_preset=&#8220;default&#8220; background_color=&#8220;#ffb901&#8243; custom_padding=&#8220;70px||80px||false|false&#8220; custom_padding_tablet=&#8220;&#8220; custom_padding_phone=&#8220;30px||40px||false|false&#8220; global_colors_info=&#8220;{}&#8220;][et_pb_row admin_label=&#8220;Reihenbezogene Fahrzeuge&#8220; _builder_version=&#8220;4.16&#8243; _module_preset=&#8220;default&#8220; custom_padding=&#8220;0px||0px||true|false&#8220; global_colors_info=&#8220;{}&#8220;][et_pb_column type=&#8220;4_4&#8243; _builder_version=&#8220;4.16&#8243; _module_preset=&#8220;default&#8220; global_colors_info=&#8220;{}&#8220;][et_pb_text admin_label=&#8220;Text Headline Related Vehicles&#8220; _builder_version=&#8220;4.16&#8243; _module_preset=&#8220;default&#8220; header_3_font=&#8220;Roboto Condensed|700|||||||&#8220; header_3_text_align=&#8220;center&#8220; header_3_text_color=&#8220;#ffff&#8220; header_3_font_size=&#8220;28px&#8220; header_3_line_height=&#8220;1.7em&#8220; global_colors_info=&#8220;{}&#8220;]<\/p>\n<h3>Weitere Fahrzeugangebote + Camping<\/h3>\n<p>[\/et_pb_text][et_pb_blog fullwidth=&#8220;off&#8220; posts_number=&#8220;3&#8243; include_categories=&#8220;5&#8243; use_manual_excerpt=&#8220;off&#8220; excerpt_length=&#8220;50&#8243; show_author=&#8220;off&#8220; show_date=&#8220;off&#8220; show_categories=&#8220;off&#8220; show_excerpt=&#8220;off&#8220; masonry_tile_background_color=&#8220;#441412&#8243; admin_label=&#8220;Grid Related Vehicles + Camping&#8220; _builder_version=&#8220;4.16&#8243; _module_preset=&#8220;default&#8220; header_font=&#8220;Roboto Condensed||||||||&#8220; header_text_align=&#8220;center&#8220; header_text_color=&#8220;#ffffff&#8220; pagination_text_color=&#8220;#441412&#8243; border_width_all=&#8220;0px&#8220; box_shadow_style=&#8220;preset3&#8243; box_shadow_vertical=&#8220;5px&#8220; box_shadow_blur=&#8220;10px&#8220; global_colors_info=&#8220;{}&#8220; masonry_tile_background_color__hover_enabled=&#8220;off|desktop&#8220; masonry_tile_background_color__hover=&#8220;#f35812&#8243; header_text_color__hover_enabled=&#8220;on|hover&#8220; header_text_color__hover=&#8220;#f35812&#8243; pagination_text_color__hover_enabled=&#8220;on|hover&#8220; pagination_text_color__hover=&#8220;#f35812&#8243;][\/et_pb_blog][\/et_pb_column][\/et_pb_row][\/et_pb_section][et_pb_section fb_built=&#8220;1&#8243; custom_padding_last_edited=&#8220;on|desktop&#8220; admin_label=&#8220;Section Contact us&#8220; _builder_version=&#8220;4.27.4&#8243; _module_preset=&#8220;default&#8220; custom_padding_tablet=&#8220;&#8220; custom_padding_phone=&#8220;40px||40px||true|false&#8220; global_module=&#8220;236773&#8243; saved_tabs=&#8220;all&#8220; collapsed=&#8220;off&#8220; global_colors_info=&#8220;{}&#8220;][et_pb_row admin_label=&#8220;Zeile Kontakt&#8220; _builder_version=&#8220;4.16&#8243; _module_preset=&#8220;default&#8220; width_tablet=&#8220;&#8220; width_phone=&#8220;96%&#8220; width_last_edited=&#8220;on|phone&#8220; custom_margin=&#8220;||0px||false|false&#8220; custom_padding=&#8220;||0px||false|false&#8220; collapsed=&#8220;off&#8220; global_colors_info=&#8220;{}&#8220;][et_pb_column type=&#8220;4_4&#8243; _builder_version=&#8220;4.16&#8243; _module_preset=&#8220;default&#8220; global_colors_info=&#8220;{}&#8220;][et_pb_text admin_label=&#8220;Text Contact us Headline&#8220; _builder_version=&#8220;4.16&#8243; _module_preset=&#8220;default&#8220; header_font=&#8220;|||on|||||&#8220; header_text_align=&#8220;center&#8220; custom_margin=&#8220;||0px||false|false&#8220; custom_padding=&#8220;||0px||false|false&#8220; global_colors_info=&#8220;{}&#8220;]<\/p>\n<h1 style=\"text-align: center;\">Kontaktieren Sie uns<\/h1>\n<p>[\/et_pb_text][et_pb_divider divider_weight=&#8220;3px&#8220; _builder_version=&#8220;4.16&#8243; _module_preset=&#8220;default&#8220; width=&#8220;150px&#8220; module_alignment=&#8220;center&#8220; custom_margin=&#8220;0px||0px||false|false&#8220; custom_padding=&#8220;10px||10px||false|false&#8220; animation_style=&#8220;flip&#8220; global_colors_info=&#8220;{}&#8220;][\/et_pb_divider][et_pb_text admin_label=&#8220;Text Contact us&#8220; module_class=&#8220;address-data&#8220; _builder_version=&#8220;4.16&#8243; _module_preset=&#8220;default&#8220; header_3_font=&#8220;|600|||||||&#8220; header_3_text_align=&#8220;center&#8220; header_3_font_size=&#8220;20px&#8220; header_3_line_height=&#8220;1.4em&#8220; text_orientation=&#8220;center&#8220; custom_margin=&#8220;||0px||false|false&#8220; custom_padding=&#8220;||0px||false|false&#8220; global_colors_info=&#8220;{}&#8220;]<\/p>\n<p>Sie haben Fragen oder ben\u00f6tigen zus\u00e4tzliche Informationen?<\/p>\n<p><\/p>\n<h3><span class=\"yellow\">Telefon: <\/span> +264 61 232871<\/h3>\n<p><\/p>\n<h3><span class=\"yellow\">E-Mail: <\/span> <a href=\"mailto:info@africa-on-wheels.com\">info@africa-on-wheels.com<\/a><\/h3>\n<p>[\/et_pb_text][et_pb_button button_text=&#8220;24-Stunden-Notfallnummer: +264 81 129 3355&#8243; button_alignment=&#8220;center&#8220; admin_label=&#8220;Emergency Number&#8220; module_class=&#8220;emergency&#8220; _builder_version=&#8220;4.16&#8243; _module_preset=&#8220;default&#8220; custom_button=&#8220;on&#8220; button_text_size=&#8220;22px&#8220; button_text_color=&#8220;#ffffff&#8220; button_bg_color=&#8220;#f35812&#8243; button_border_width=&#8220;0px&#8220; button_use_icon=&#8220;off&#8220; background_layout=&#8220;dark&#8220; custom_margin=&#8220;30px||20px||false|false&#8220; custom_padding=&#8220;10px|30px|10px|30px|false|false&#8220; custom_padding_tablet=&#8220;&#8220; custom_padding_phone=&#8220;|5px||5px|false|false&#8220; custom_padding_last_edited=&#8220;on|phone&#8220; animation_style=&#8220;fade&#8220; animation_direction=&#8220;left&#8220; button_text_size_tablet=&#8220;&#8220; button_text_size_phone=&#8220;20px&#8220; button_text_size_last_edited=&#8220;on|phone&#8220; global_colors_info=&#8220;{}&#8220;][\/et_pb_button][\/et_pb_column][\/et_pb_row][et_pb_row column_structure=&#8220;1_3,1_3,1_3&#8243; _builder_version=&#8220;4.16&#8243; _module_preset=&#8220;default&#8220; global_colors_info=&#8220;{}&#8220;][et_pb_column type=&#8220;1_3&#8243; _builder_version=&#8220;4.16&#8243; _module_preset=&#8220;default&#8220; global_colors_info=&#8220;{}&#8220;][\/et_pb_column][et_pb_column type=&#8220;1_3&#8243; _builder_version=&#8220;4.16&#8243; _module_preset=&#8220;default&#8220; global_colors_info=&#8220;{}&#8220;][\/et_pb_column][et_pb_column type=&#8220;1_3&#8243; _builder_version=&#8220;4.16&#8243; _module_preset=&#8220;default&#8220; global_colors_info=&#8220;{}&#8220;][\/et_pb_column][\/et_pb_row][\/et_pb_section][et_pb_section fb_built=&#8220;1&#8243; admin_label=&#8220;Section Newsletter Register&#8220; _builder_version=&#8220;4.5.1&#8243; _module_preset=&#8220;default&#8220; background_color=&#8220;#ffb901&#8243; custom_margin=&#8220;0px||0px||true|false&#8220; custom_padding=&#8220;0px||0px||true|false&#8220; global_module=&#8220;236787&#8243; saved_tabs=&#8220;all&#8220; collapsed=&#8220;on&#8220; global_colors_info=&#8220;{}&#8220;][et_pb_row column_structure=&#8220;1_2,1_2&#8243; use_custom_gutter=&#8220;on&#8220; gutter_width=&#8220;2&#8243; make_equal=&#8220;on&#8220; admin_label=&#8220;Reihe Newsletter Register&#8220; _builder_version=&#8220;4.16&#8243; _module_preset=&#8220;default&#8220; width_tablet=&#8220;&#8220; width_phone=&#8220;96%&#8220; width_last_edited=&#8220;on|phone&#8220; global_colors_info=&#8220;{}&#8220;][et_pb_column type=&#8220;1_2&#8243; _builder_version=&#8220;4.16&#8243; _module_preset=&#8220;default&#8220; custom_padding=&#8220;||0px||false|false&#8220; global_colors_info=&#8220;{}&#8220;][et_pb_text admin_label=&#8220;Text Newsletter Register&#8220; _builder_version=&#8220;4.16&#8243; _module_preset=&#8220;default&#8220; text_font=&#8220;|||on|||||&#8220; text_text_color=&#8220;#441412&#8243; text_font_size=&#8220;20px&#8220; header_6_font=&#8220;|600||on|||||&#8220; header_6_text_align=&#8220;right&#8220; header_6_text_color=&#8220;#ffffff&#8220; header_6_font_size=&#8220;24px&#8220; text_orientation=&#8220;right&#8220; custom_margin=&#8220;||0px||false|false&#8220; custom_margin_tablet=&#8220;&#8220; custom_margin_phone=&#8220;&#8220; custom_margin_last_edited=&#8220;on|desktop&#8220; custom_padding=&#8220;25px||0px||false|false&#8220; custom_padding_tablet=&#8220;||0px||false|false&#8220; custom_padding_phone=&#8220;25px||0px||false|false&#8220; custom_padding_last_edited=&#8220;on|phone&#8220; header_6_text_align_tablet=&#8220;center&#8220; header_6_text_align_phone=&#8220;center&#8220; header_6_text_align_last_edited=&#8220;on|desktop&#8220; text_orientation_tablet=&#8220;center&#8220; text_orientation_phone=&#8220;center&#8220; text_orientation_last_edited=&#8220;on|desktop&#8220; global_colors_info=&#8220;{}&#8220;]<\/p>\n<h6>Africa on Wheels Newsletter<\/h6>\n<p><\/p>\n<p>Exklusiver Zugang zu Angeboten und Promotionen<\/p>\n<p>[\/et_pb_text][\/et_pb_column][et_pb_column type=&#8220;1_2&#8243; _builder_version=&#8220;4.16&#8243; _module_preset=&#8220;default&#8220; global_colors_info=&#8220;{}&#8220;][et_pb_signup mailchimp_list=&#8220;Africa on Wheels|56b23054c3&#8243; first_name_field=&#8220;off&#8220; last_name_field=&#8220;off&#8220; button_text=&#8220;Abonnieren Sie unseren Newsletter&#8220; _builder_version=&#8220;4.16&#8243; _module_preset=&#8220;default&#8220; custom_button=&#8220;on&#8220; button_border_width=&#8220;1px&#8220; button_font=&#8220;|||on|||||&#8220; button_use_icon=&#8220;off&#8220; custom_margin=&#8220;0px||||false|false&#8220; custom_padding=&#8220;0px||||false|false&#8220; border_radii_fields=&#8220;on|0px|0px|0px|0px&#8220; border_width_all_fields=&#8220;0px&#8220; global_colors_info=&#8220;{}&#8220;][\/et_pb_signup][\/et_pb_column][\/et_pb_row][\/et_pb_section][et_pb_section fb_built=&#8220;1&#8243; fullwidth=&#8220;on&#8220; admin_label=&#8220;Section Damaraland Scenery&#8220; _builder_version=&#8220;4.16&#8243; _module_preset=&#8220;default&#8220; background_color=&#8220;#ffb901&#8243; custom_margin=&#8220;0px||0px||true|false&#8220; custom_padding=&#8220;0px||0px||true|false&#8220; saved_tabs=&#8220;all&#8220; global_colors_info=&#8220;{}&#8220;][et_pb_fullwidth_image src=&#8220;https:\/\/africa-on-wheels.com\/wp-content\/uploads\/2020\/12\/Damaraland-Scenery-02.jpg&#8220; _builder_version=&#8220;4.16&#8243; _module_preset=&#8220;default&#8220; global_colors_info=&#8220;{}&#8220;][\/et_pb_fullwidth_image][\/et_pb_section]<\/p>\n","protected":false},"excerpt":{"rendered":"<p>Toyota Hilux Double Cab 2.8L mit AHA-CamperAHA-Camper \u2013 gebaut f\u00fcr Entdecker, entwickelt f\u00fcr KomfortDer Toyota Hilux Double Cab 2.8L mit AHA-Camper ist die ideale Wahl f\u00fcr zwei Personen, die auf ihrer Selbstfahrertour durch das s\u00fcdliche Afrika nicht auf Komfort verzichten m\u00f6chten. Mit Allradantrieb, hoher Bodenfreiheit und robusten Reifen ist er f\u00fcr alle Stra\u00dfenverh\u00e4ltnisse bestens geeignet [&hellip;]<\/p>\n","protected":false},"author":4,"featured_media":240812,"comment_status":"closed","ping_status":"open","sticky":false,"template":"","format":"standard","meta":{"_et_pb_use_builder":"on","_et_pb_old_content":"","_et_gb_content_width":"","footnotes":""},"categories":[5],"tags":[],"class_list":["post-241553","post","type-post","status-publish","format-standard","has-post-thumbnail","hentry","category-4x4-vehicles-camping"],"yoast_head":"<!-- This site is optimized with the Yoast SEO plugin v27.4 - https:\/\/yoast.com\/product\/yoast-seo-wordpress\/ -->\n<title>Toyota Hilux Double Cab 2.8L mit AHA-Camper - Africa on Wheels<\/title>\n<meta name=\"description\" content=\"Der Toyota Hilux Double Cab 2.8L mit AHA-Camper ist die ideale Wahl f\u00fcr zwei Personen, die auf ihrer Selbstfahrertour durch das s\u00fcdliche Afrika nicht auf Komfort verzichten m\u00f6chten.\" \/>\n<meta name=\"robots\" content=\"index, follow, max-snippet:-1, max-image-preview:large, max-video-preview:-1\" \/>\n<link rel=\"canonical\" href=\"https:\/\/africa-on-wheels.com\/de\/4x4-vehicles-camping\/toyota-hilux-double-cab-2-8l-mit-aha-camper\/\" \/>\n<meta property=\"og:locale\" content=\"de_DE\" \/>\n<meta property=\"og:type\" content=\"article\" \/>\n<meta property=\"og:title\" content=\"Toyota Hilux Double Cab 2.8L mit AHA-Camper - Africa on Wheels\" \/>\n<meta property=\"og:description\" content=\"Der Toyota Hilux Double Cab 2.8L mit AHA-Camper ist die ideale Wahl f\u00fcr zwei Personen, die auf ihrer Selbstfahrertour durch das s\u00fcdliche Afrika nicht auf Komfort verzichten m\u00f6chten.\" \/>\n<meta property=\"og:url\" content=\"https:\/\/africa-on-wheels.com\/de\/4x4-vehicles-camping\/toyota-hilux-double-cab-2-8l-mit-aha-camper\/\" \/>\n<meta property=\"og:site_name\" content=\"Africa on Wheels\" \/>\n<meta property=\"article:published_time\" content=\"2025-06-27T13:42:56+00:00\" \/>\n<meta property=\"article:modified_time\" content=\"2026-04-20T10:57:08+00:00\" \/>\n<meta property=\"og:image\" content=\"https:\/\/africa-on-wheels.com\/wp-content\/uploads\/2025\/06\/Group-6a-2-new-1.jpg\" \/>\n\t<meta property=\"og:image:width\" content=\"600\" \/>\n\t<meta property=\"og:image:height\" content=\"450\" \/>\n\t<meta property=\"og:image:type\" content=\"image\/jpeg\" \/>\n<meta name=\"author\" content=\"Lutz\" \/>\n<meta name=\"twitter:card\" content=\"summary_large_image\" \/>\n<meta name=\"twitter:label1\" content=\"Verfasst von\" \/>\n\t<meta name=\"twitter:data1\" content=\"Lutz\" \/>\n\t<meta name=\"twitter:label2\" content=\"Gesch\u00e4tzte Lesezeit\" \/>\n\t<meta name=\"twitter:data2\" content=\"19\u00a0Minuten\" \/>\n<script type=\"application\/ld+json\" class=\"yoast-schema-graph\">{\"@context\":\"https:\\\/\\\/schema.org\",\"@graph\":[{\"@type\":\"Article\",\"@id\":\"https:\\\/\\\/africa-on-wheels.com\\\/de\\\/4x4-vehicles-camping\\\/toyota-hilux-double-cab-2-8l-mit-aha-camper\\\/#article\",\"isPartOf\":{\"@id\":\"https:\\\/\\\/africa-on-wheels.com\\\/de\\\/4x4-vehicles-camping\\\/toyota-hilux-double-cab-2-8l-mit-aha-camper\\\/\"},\"author\":{\"name\":\"Lutz\",\"@id\":\"https:\\\/\\\/africa-on-wheels.com\\\/de\\\/#\\\/schema\\\/person\\\/56909482fc2fd98fee7a7829e42cec20\"},\"headline\":\"Toyota Hilux Double Cab 2.8L mit AHA-Camper\",\"datePublished\":\"2025-06-27T13:42:56+00:00\",\"dateModified\":\"2026-04-20T10:57:08+00:00\",\"mainEntityOfPage\":{\"@id\":\"https:\\\/\\\/africa-on-wheels.com\\\/de\\\/4x4-vehicles-camping\\\/toyota-hilux-double-cab-2-8l-mit-aha-camper\\\/\"},\"wordCount\":3770,\"publisher\":{\"@id\":\"https:\\\/\\\/africa-on-wheels.com\\\/de\\\/#organization\"},\"image\":{\"@id\":\"https:\\\/\\\/africa-on-wheels.com\\\/de\\\/4x4-vehicles-camping\\\/toyota-hilux-double-cab-2-8l-mit-aha-camper\\\/#primaryimage\"},\"thumbnailUrl\":\"https:\\\/\\\/africa-on-wheels.com\\\/wp-content\\\/uploads\\\/2025\\\/06\\\/Group-6a-2-new-1.jpg\",\"articleSection\":[\"4\u00d74 Vehicles + Camping\"],\"inLanguage\":\"de\"},{\"@type\":\"WebPage\",\"@id\":\"https:\\\/\\\/africa-on-wheels.com\\\/de\\\/4x4-vehicles-camping\\\/toyota-hilux-double-cab-2-8l-mit-aha-camper\\\/\",\"url\":\"https:\\\/\\\/africa-on-wheels.com\\\/de\\\/4x4-vehicles-camping\\\/toyota-hilux-double-cab-2-8l-mit-aha-camper\\\/\",\"name\":\"Toyota Hilux Double Cab 2.8L mit AHA-Camper - Africa on Wheels\",\"isPartOf\":{\"@id\":\"https:\\\/\\\/africa-on-wheels.com\\\/de\\\/#website\"},\"primaryImageOfPage\":{\"@id\":\"https:\\\/\\\/africa-on-wheels.com\\\/de\\\/4x4-vehicles-camping\\\/toyota-hilux-double-cab-2-8l-mit-aha-camper\\\/#primaryimage\"},\"image\":{\"@id\":\"https:\\\/\\\/africa-on-wheels.com\\\/de\\\/4x4-vehicles-camping\\\/toyota-hilux-double-cab-2-8l-mit-aha-camper\\\/#primaryimage\"},\"thumbnailUrl\":\"https:\\\/\\\/africa-on-wheels.com\\\/wp-content\\\/uploads\\\/2025\\\/06\\\/Group-6a-2-new-1.jpg\",\"datePublished\":\"2025-06-27T13:42:56+00:00\",\"dateModified\":\"2026-04-20T10:57:08+00:00\",\"description\":\"Der Toyota Hilux Double Cab 2.8L mit AHA-Camper ist die ideale Wahl f\u00fcr zwei Personen, die auf ihrer Selbstfahrertour durch das s\u00fcdliche Afrika nicht auf Komfort verzichten m\u00f6chten.\",\"breadcrumb\":{\"@id\":\"https:\\\/\\\/africa-on-wheels.com\\\/de\\\/4x4-vehicles-camping\\\/toyota-hilux-double-cab-2-8l-mit-aha-camper\\\/#breadcrumb\"},\"inLanguage\":\"de\",\"potentialAction\":[{\"@type\":\"ReadAction\",\"target\":[\"https:\\\/\\\/africa-on-wheels.com\\\/de\\\/4x4-vehicles-camping\\\/toyota-hilux-double-cab-2-8l-mit-aha-camper\\\/\"]}]},{\"@type\":\"ImageObject\",\"inLanguage\":\"de\",\"@id\":\"https:\\\/\\\/africa-on-wheels.com\\\/de\\\/4x4-vehicles-camping\\\/toyota-hilux-double-cab-2-8l-mit-aha-camper\\\/#primaryimage\",\"url\":\"https:\\\/\\\/africa-on-wheels.com\\\/wp-content\\\/uploads\\\/2025\\\/06\\\/Group-6a-2-new-1.jpg\",\"contentUrl\":\"https:\\\/\\\/africa-on-wheels.com\\\/wp-content\\\/uploads\\\/2025\\\/06\\\/Group-6a-2-new-1.jpg\",\"width\":600,\"height\":450,\"caption\":\"Group-6a-2-new\"},{\"@type\":\"BreadcrumbList\",\"@id\":\"https:\\\/\\\/africa-on-wheels.com\\\/de\\\/4x4-vehicles-camping\\\/toyota-hilux-double-cab-2-8l-mit-aha-camper\\\/#breadcrumb\",\"itemListElement\":[{\"@type\":\"ListItem\",\"position\":1,\"name\":\"Home\",\"item\":\"https:\\\/\\\/africa-on-wheels.com\\\/de\\\/4x4-car-hire-in-namibia-2\\\/\"},{\"@type\":\"ListItem\",\"position\":2,\"name\":\"Toyota Hilux Double Cab 2.8L mit AHA-Camper\"}]},{\"@type\":\"WebSite\",\"@id\":\"https:\\\/\\\/africa-on-wheels.com\\\/de\\\/#website\",\"url\":\"https:\\\/\\\/africa-on-wheels.com\\\/de\\\/\",\"name\":\"Africa on Wheels\",\"description\":\"4x4 Car Hire in Namibia\",\"publisher\":{\"@id\":\"https:\\\/\\\/africa-on-wheels.com\\\/de\\\/#organization\"},\"potentialAction\":[{\"@type\":\"SearchAction\",\"target\":{\"@type\":\"EntryPoint\",\"urlTemplate\":\"https:\\\/\\\/africa-on-wheels.com\\\/de\\\/?s={search_term_string}\"},\"query-input\":{\"@type\":\"PropertyValueSpecification\",\"valueRequired\":true,\"valueName\":\"search_term_string\"}}],\"inLanguage\":\"de\"},{\"@type\":\"Organization\",\"@id\":\"https:\\\/\\\/africa-on-wheels.com\\\/de\\\/#organization\",\"name\":\"Africa on Wheels\",\"url\":\"https:\\\/\\\/africa-on-wheels.com\\\/de\\\/\",\"logo\":{\"@type\":\"ImageObject\",\"inLanguage\":\"de\",\"@id\":\"https:\\\/\\\/africa-on-wheels.com\\\/de\\\/#\\\/schema\\\/logo\\\/image\\\/\",\"url\":\"https:\\\/\\\/africa-on-wheels.com\\\/wp-content\\\/uploads\\\/2023\\\/06\\\/AOW-Logo-small.png\",\"contentUrl\":\"https:\\\/\\\/africa-on-wheels.com\\\/wp-content\\\/uploads\\\/2023\\\/06\\\/AOW-Logo-small.png\",\"width\":168,\"height\":80,\"caption\":\"Africa on Wheels\"},\"image\":{\"@id\":\"https:\\\/\\\/africa-on-wheels.com\\\/de\\\/#\\\/schema\\\/logo\\\/image\\\/\"}},{\"@type\":\"Person\",\"@id\":\"https:\\\/\\\/africa-on-wheels.com\\\/de\\\/#\\\/schema\\\/person\\\/56909482fc2fd98fee7a7829e42cec20\",\"name\":\"Lutz\",\"image\":{\"@type\":\"ImageObject\",\"inLanguage\":\"de\",\"@id\":\"https:\\\/\\\/secure.gravatar.com\\\/avatar\\\/09308787c53a18c2c9893f5eb7fd5afca75680d5fdc01041dc874b41ef95c23b?s=96&d=mm&r=g\",\"url\":\"https:\\\/\\\/secure.gravatar.com\\\/avatar\\\/09308787c53a18c2c9893f5eb7fd5afca75680d5fdc01041dc874b41ef95c23b?s=96&d=mm&r=g\",\"contentUrl\":\"https:\\\/\\\/secure.gravatar.com\\\/avatar\\\/09308787c53a18c2c9893f5eb7fd5afca75680d5fdc01041dc874b41ef95c23b?s=96&d=mm&r=g\",\"caption\":\"Lutz\"},\"sameAs\":[\"http:\\\/\\\/www.aflynx.com\"],\"url\":\"https:\\\/\\\/africa-on-wheels.com\\\/de\\\/author\\\/lutz\\\/\"}]}<\/script>\n<!-- \/ Yoast SEO plugin. -->","yoast_head_json":{"title":"Toyota Hilux Double Cab 2.8L mit AHA-Camper - Africa on Wheels","description":"Der Toyota Hilux Double Cab 2.8L mit AHA-Camper ist die ideale Wahl f\u00fcr zwei Personen, die auf ihrer Selbstfahrertour durch das s\u00fcdliche Afrika nicht auf Komfort verzichten m\u00f6chten.","robots":{"index":"index","follow":"follow","max-snippet":"max-snippet:-1","max-image-preview":"max-image-preview:large","max-video-preview":"max-video-preview:-1"},"canonical":"https:\/\/africa-on-wheels.com\/de\/4x4-vehicles-camping\/toyota-hilux-double-cab-2-8l-mit-aha-camper\/","og_locale":"de_DE","og_type":"article","og_title":"Toyota Hilux Double Cab 2.8L mit AHA-Camper - Africa on Wheels","og_description":"Der Toyota Hilux Double Cab 2.8L mit AHA-Camper ist die ideale Wahl f\u00fcr zwei Personen, die auf ihrer Selbstfahrertour durch das s\u00fcdliche Afrika nicht auf Komfort verzichten m\u00f6chten.","og_url":"https:\/\/africa-on-wheels.com\/de\/4x4-vehicles-camping\/toyota-hilux-double-cab-2-8l-mit-aha-camper\/","og_site_name":"Africa on Wheels","article_published_time":"2025-06-27T13:42:56+00:00","article_modified_time":"2026-04-20T10:57:08+00:00","og_image":[{"width":600,"height":450,"url":"https:\/\/africa-on-wheels.com\/wp-content\/uploads\/2025\/06\/Group-6a-2-new-1.jpg","type":"image\/jpeg"}],"author":"Lutz","twitter_card":"summary_large_image","twitter_misc":{"Verfasst von":"Lutz","Gesch\u00e4tzte Lesezeit":"19\u00a0Minuten"},"schema":{"@context":"https:\/\/schema.org","@graph":[{"@type":"Article","@id":"https:\/\/africa-on-wheels.com\/de\/4x4-vehicles-camping\/toyota-hilux-double-cab-2-8l-mit-aha-camper\/#article","isPartOf":{"@id":"https:\/\/africa-on-wheels.com\/de\/4x4-vehicles-camping\/toyota-hilux-double-cab-2-8l-mit-aha-camper\/"},"author":{"name":"Lutz","@id":"https:\/\/africa-on-wheels.com\/de\/#\/schema\/person\/56909482fc2fd98fee7a7829e42cec20"},"headline":"Toyota Hilux Double Cab 2.8L mit AHA-Camper","datePublished":"2025-06-27T13:42:56+00:00","dateModified":"2026-04-20T10:57:08+00:00","mainEntityOfPage":{"@id":"https:\/\/africa-on-wheels.com\/de\/4x4-vehicles-camping\/toyota-hilux-double-cab-2-8l-mit-aha-camper\/"},"wordCount":3770,"publisher":{"@id":"https:\/\/africa-on-wheels.com\/de\/#organization"},"image":{"@id":"https:\/\/africa-on-wheels.com\/de\/4x4-vehicles-camping\/toyota-hilux-double-cab-2-8l-mit-aha-camper\/#primaryimage"},"thumbnailUrl":"https:\/\/africa-on-wheels.com\/wp-content\/uploads\/2025\/06\/Group-6a-2-new-1.jpg","articleSection":["4\u00d74 Vehicles + Camping"],"inLanguage":"de"},{"@type":"WebPage","@id":"https:\/\/africa-on-wheels.com\/de\/4x4-vehicles-camping\/toyota-hilux-double-cab-2-8l-mit-aha-camper\/","url":"https:\/\/africa-on-wheels.com\/de\/4x4-vehicles-camping\/toyota-hilux-double-cab-2-8l-mit-aha-camper\/","name":"Toyota Hilux Double Cab 2.8L mit AHA-Camper - Africa on Wheels","isPartOf":{"@id":"https:\/\/africa-on-wheels.com\/de\/#website"},"primaryImageOfPage":{"@id":"https:\/\/africa-on-wheels.com\/de\/4x4-vehicles-camping\/toyota-hilux-double-cab-2-8l-mit-aha-camper\/#primaryimage"},"image":{"@id":"https:\/\/africa-on-wheels.com\/de\/4x4-vehicles-camping\/toyota-hilux-double-cab-2-8l-mit-aha-camper\/#primaryimage"},"thumbnailUrl":"https:\/\/africa-on-wheels.com\/wp-content\/uploads\/2025\/06\/Group-6a-2-new-1.jpg","datePublished":"2025-06-27T13:42:56+00:00","dateModified":"2026-04-20T10:57:08+00:00","description":"Der Toyota Hilux Double Cab 2.8L mit AHA-Camper ist die ideale Wahl f\u00fcr zwei Personen, die auf ihrer Selbstfahrertour durch das s\u00fcdliche Afrika nicht auf Komfort verzichten m\u00f6chten.","breadcrumb":{"@id":"https:\/\/africa-on-wheels.com\/de\/4x4-vehicles-camping\/toyota-hilux-double-cab-2-8l-mit-aha-camper\/#breadcrumb"},"inLanguage":"de","potentialAction":[{"@type":"ReadAction","target":["https:\/\/africa-on-wheels.com\/de\/4x4-vehicles-camping\/toyota-hilux-double-cab-2-8l-mit-aha-camper\/"]}]},{"@type":"ImageObject","inLanguage":"de","@id":"https:\/\/africa-on-wheels.com\/de\/4x4-vehicles-camping\/toyota-hilux-double-cab-2-8l-mit-aha-camper\/#primaryimage","url":"https:\/\/africa-on-wheels.com\/wp-content\/uploads\/2025\/06\/Group-6a-2-new-1.jpg","contentUrl":"https:\/\/africa-on-wheels.com\/wp-content\/uploads\/2025\/06\/Group-6a-2-new-1.jpg","width":600,"height":450,"caption":"Group-6a-2-new"},{"@type":"BreadcrumbList","@id":"https:\/\/africa-on-wheels.com\/de\/4x4-vehicles-camping\/toyota-hilux-double-cab-2-8l-mit-aha-camper\/#breadcrumb","itemListElement":[{"@type":"ListItem","position":1,"name":"Home","item":"https:\/\/africa-on-wheels.com\/de\/4x4-car-hire-in-namibia-2\/"},{"@type":"ListItem","position":2,"name":"Toyota Hilux Double Cab 2.8L mit AHA-Camper"}]},{"@type":"WebSite","@id":"https:\/\/africa-on-wheels.com\/de\/#website","url":"https:\/\/africa-on-wheels.com\/de\/","name":"Africa on Wheels","description":"4x4 Car Hire in Namibia","publisher":{"@id":"https:\/\/africa-on-wheels.com\/de\/#organization"},"potentialAction":[{"@type":"SearchAction","target":{"@type":"EntryPoint","urlTemplate":"https:\/\/africa-on-wheels.com\/de\/?s={search_term_string}"},"query-input":{"@type":"PropertyValueSpecification","valueRequired":true,"valueName":"search_term_string"}}],"inLanguage":"de"},{"@type":"Organization","@id":"https:\/\/africa-on-wheels.com\/de\/#organization","name":"Africa on Wheels","url":"https:\/\/africa-on-wheels.com\/de\/","logo":{"@type":"ImageObject","inLanguage":"de","@id":"https:\/\/africa-on-wheels.com\/de\/#\/schema\/logo\/image\/","url":"https:\/\/africa-on-wheels.com\/wp-content\/uploads\/2023\/06\/AOW-Logo-small.png","contentUrl":"https:\/\/africa-on-wheels.com\/wp-content\/uploads\/2023\/06\/AOW-Logo-small.png","width":168,"height":80,"caption":"Africa on Wheels"},"image":{"@id":"https:\/\/africa-on-wheels.com\/de\/#\/schema\/logo\/image\/"}},{"@type":"Person","@id":"https:\/\/africa-on-wheels.com\/de\/#\/schema\/person\/56909482fc2fd98fee7a7829e42cec20","name":"Lutz","image":{"@type":"ImageObject","inLanguage":"de","@id":"https:\/\/secure.gravatar.com\/avatar\/09308787c53a18c2c9893f5eb7fd5afca75680d5fdc01041dc874b41ef95c23b?s=96&d=mm&r=g","url":"https:\/\/secure.gravatar.com\/avatar\/09308787c53a18c2c9893f5eb7fd5afca75680d5fdc01041dc874b41ef95c23b?s=96&d=mm&r=g","contentUrl":"https:\/\/secure.gravatar.com\/avatar\/09308787c53a18c2c9893f5eb7fd5afca75680d5fdc01041dc874b41ef95c23b?s=96&d=mm&r=g","caption":"Lutz"},"sameAs":["http:\/\/www.aflynx.com"],"url":"https:\/\/africa-on-wheels.com\/de\/author\/lutz\/"}]}},"_links":{"self":[{"href":"https:\/\/africa-on-wheels.com\/de\/wp-json\/wp\/v2\/posts\/241553","targetHints":{"allow":["GET"]}}],"collection":[{"href":"https:\/\/africa-on-wheels.com\/de\/wp-json\/wp\/v2\/posts"}],"about":[{"href":"https:\/\/africa-on-wheels.com\/de\/wp-json\/wp\/v2\/types\/post"}],"author":[{"embeddable":true,"href":"https:\/\/africa-on-wheels.com\/de\/wp-json\/wp\/v2\/users\/4"}],"replies":[{"embeddable":true,"href":"https:\/\/africa-on-wheels.com\/de\/wp-json\/wp\/v2\/comments?post=241553"}],"version-history":[{"count":4,"href":"https:\/\/africa-on-wheels.com\/de\/wp-json\/wp\/v2\/posts\/241553\/revisions"}],"predecessor-version":[{"id":242477,"href":"https:\/\/africa-on-wheels.com\/de\/wp-json\/wp\/v2\/posts\/241553\/revisions\/242477"}],"wp:featuredmedia":[{"embeddable":true,"href":"https:\/\/africa-on-wheels.com\/de\/wp-json\/wp\/v2\/media\/240812"}],"wp:attachment":[{"href":"https:\/\/africa-on-wheels.com\/de\/wp-json\/wp\/v2\/media?parent=241553"}],"wp:term":[{"taxonomy":"category","embeddable":true,"href":"https:\/\/africa-on-wheels.com\/de\/wp-json\/wp\/v2\/categories?post=241553"},{"taxonomy":"post_tag","embeddable":true,"href":"https:\/\/africa-on-wheels.com\/de\/wp-json\/wp\/v2\/tags?post=241553"}],"curies":[{"name":"wp","href":"https:\/\/api.w.org\/{rel}","templated":true}]}}